{"id":3410,"date":"2025-06-15T11:19:14","date_gmt":"2025-06-15T09:19:14","guid":{"rendered":"https:\/\/mellacaseta.cat\/?p=3410"},"modified":"2025-05-21T11:21:25","modified_gmt":"2025-05-21T09:21:25","slug":"la-importancia-de-las-abejas-en-el-ecosistema-y-como-las-protegemos","status":"publish","type":"post","link":"https:\/\/mellacaseta.cat\/es\/la-importancia-de-las-abejas-en-el-ecosistema-y-como-las-protegemos\/","title":{"rendered":"La importancia de las abejas en el ecosistema y c\u00f3mo las protegemos"},"content":{"rendered":"<p><span style=\"vertical-align: inherit;\"><span style=\"vertical-align: inherit;\">Las abejas son mucho m\u00e1s que productoras de miel. Estos peque\u00f1os insectos desempe\u00f1an un papel esencial en el mantenimiento de los ecosistemas naturales y agr\u00edcolas. De hecho, sin ellas, muchas especies de plantas y alimentos simplemente no existir\u00edan. En mellacaseta.cat, trabajamos cada d\u00eda para sensibilizar sobre su importancia y promover pr\u00e1cticas que ayuden a <\/span><\/span><strong><span style=\"vertical-align: inherit;\"><span style=\"vertical-align: inherit;\">proteger a las abejas<\/span><\/span><\/strong><span style=\"vertical-align: inherit;\"><span style=\"vertical-align: inherit;\"> y su entorno.<\/span><\/span><\/p>\n<h2><span style=\"vertical-align: inherit;\"><span style=\"vertical-align: inherit;\">\u00bfPor qu\u00e9 son tan importantes las abejas?<\/span><\/span><\/h2>\n<ol>\n<li><strong><span style=\"vertical-align: inherit;\"><span style=\"vertical-align: inherit;\">Polinizaci\u00f3n:<\/span><\/span><\/strong><span style=\"vertical-align: inherit;\"><span style=\"vertical-align: inherit;\"> M\u00e1s del 75% de los cultivos alimenticios que se consumen en el mundo dependen, al menos en parte, de la polinizaci\u00f3n por insectos. Las abejas, especialmente las mel\u00edferas, son las principales responsables de este proceso. Gracias a ellas, tenemos frutas, hortalizas, frutos secos y muchas especias vegetales que no se reproducir\u00edan sin su ayuda.<\/span><\/span><\/li>\n<li><strong><span style=\"vertical-align: inherit;\"><span style=\"vertical-align: inherit;\">Biodiversidad:<\/span><\/span><\/strong><span style=\"vertical-align: inherit;\"><span style=\"vertical-align: inherit;\"> Cuando una abeja poliniza una flor, no s\u00f3lo garantiza su reproducci\u00f3n, sino que ayuda a mantener el equilibrio ecol\u00f3gico de toda una zona. Esto permite que sigan existiendo otros insectos, p\u00e1jaros y mam\u00edferos que dependen de estas plantas para sobrevivir.<\/span><\/span><\/li>\n<li><strong><span style=\"vertical-align: inherit;\"><span style=\"vertical-align: inherit;\">Estabilidad alimentaria:<\/span><\/span><\/strong><span style=\"vertical-align: inherit;\"><span style=\"vertical-align: inherit;\"> Si las abejas desaparecieran, habr\u00eda una disminuci\u00f3n dr\u00e1stica de la variedad y cantidad de alimentos disponibles. Esto podr\u00eda provocar problemas nutricionales y econ\u00f3micos a nivel mundial.<\/span><\/span><\/li>\n<\/ol>\n<h2><span style=\"vertical-align: inherit;\"><span style=\"vertical-align: inherit;\">Amenazas que ponen en peligro a las abejas<\/span><\/span><\/h2>\n<p><span style=\"vertical-align: inherit;\"><span style=\"vertical-align: inherit;\">En las \u00faltimas d\u00e9cadas, las poblaciones de abejas han disminuido de forma alarmante. Entre las principales causas encontramos:<\/span><\/span><\/p>\n<ul>\n<li><strong><span style=\"vertical-align: inherit;\"><span style=\"vertical-align: inherit;\">Pesticidas y productos qu\u00edmicos<\/span><\/span><\/strong><span style=\"vertical-align: inherit;\"><span style=\"vertical-align: inherit;\"> , que afectan al sistema nervioso de los insectos y desorientan a las abejas.<\/span><\/span><\/li>\n<li><strong><span style=\"vertical-align: inherit;\"><span style=\"vertical-align: inherit;\">P\u00e9rdida de h\u00e1bitat<\/span><\/span><\/strong><span style=\"vertical-align: inherit;\"><span style=\"vertical-align: inherit;\"> , debido a la urbanizaci\u00f3n, monocultivos y la destrucci\u00f3n de campos floridos.<\/span><\/span><\/li>\n<li><strong><span style=\"vertical-align: inherit;\"><span style=\"vertical-align: inherit;\">Cambio clim\u00e1tico<\/span><\/span><\/strong><span style=\"vertical-align: inherit;\"><span style=\"vertical-align: inherit;\"> , que altera los ciclos naturales de floraci\u00f3n y afecta a las fuentes de alimento de las abejas.<\/span><\/span><\/li>\n<li><strong><span style=\"vertical-align: inherit;\"><span style=\"vertical-align: inherit;\">Enfermedades y plagas<\/span><\/span><\/strong><span style=\"vertical-align: inherit;\"><span style=\"vertical-align: inherit;\"> , como la varroa destructor, un \u00e1caro que par\u00e1sita las abejas y debilita las colonias.<\/span><\/span><\/li>\n<\/ul>\n<h2><span style=\"vertical-align: inherit;\"><span style=\"vertical-align: inherit;\">\u00bfQu\u00e9 hacer para protegerlas?<\/span><\/span><\/h2>\n<p><span style=\"vertical-align: inherit;\"><span style=\"vertical-align: inherit;\">Desde <\/span><\/span><a href=\"https:\/\/mellacaseta.cat\/es\/\"><span style=\"vertical-align: inherit;\"><span style=\"vertical-align: inherit;\">mellacaseta.cat<\/span><\/span><\/a><span style=\"vertical-align: inherit;\"><span style=\"vertical-align: inherit;\"> , fomentamos la <\/span><\/span><strong><span style=\"vertical-align: inherit;\"><span style=\"vertical-align: inherit;\">conservaci\u00f3n de las abejas<\/span><\/span><\/strong><span style=\"vertical-align: inherit;\"><span style=\"vertical-align: inherit;\"> con acciones concretas:<\/span><\/span><\/p>\n<ul>\n<li><strong><span style=\"vertical-align: inherit;\"><span style=\"vertical-align: inherit;\">Apicultura sostenible<\/span><\/span><\/strong><span style=\"vertical-align: inherit;\"><span style=\"vertical-align: inherit;\"> , que respeta el ritmo natural de las abejas y les permite trabajar en un entorno sano.<\/span><\/span><\/li>\n<li><strong><span style=\"vertical-align: inherit;\"><span style=\"vertical-align: inherit;\">Educaci\u00f3n ambiental<\/span><\/span><\/strong><span style=\"vertical-align: inherit;\"><span style=\"vertical-align: inherit;\"> , a trav\u00e9s de nuestras visitas guiadas, donde explicamos c\u00f3mo funcionan las colmenas y c\u00f3mo podemos ayudarlas desde casa.<\/span><\/span><\/li>\n<li><strong><span style=\"vertical-align: inherit;\"><span style=\"vertical-align: inherit;\">Promoci\u00f3n de productos locales<\/span><\/span><\/strong><span style=\"vertical-align: inherit;\"><span style=\"vertical-align: inherit;\"> , como nuestra miel artesanal, recolectada con respeto y sin procesos agresivos.<\/span><\/span><\/li>\n<li><strong><span style=\"vertical-align: inherit;\"><span style=\"vertical-align: inherit;\">Plantaci\u00f3n de flores y plantas mel\u00edferas<\/span><\/span><\/strong><span style=\"vertical-align: inherit;\"><span style=\"vertical-align: inherit;\"> , que aportan alimento durante todo el a\u00f1o.<\/span><\/span><\/li>\n<\/ul>\n<h2><span style=\"vertical-align: inherit;\"><span style=\"vertical-align: inherit;\">Peque\u00f1os gestos, grandes resultados<\/span><\/span><\/h2>\n<p><span style=\"vertical-align: inherit;\"><span style=\"vertical-align: inherit;\">Todo el mundo puede contribuir a cuidar a las abejas. Algunas ideas sencillas son:<\/span><\/span><\/p>\n<ul>\n<li><span style=\"vertical-align: inherit;\"><span style=\"vertical-align: inherit;\">Plantar flores en el jard\u00edn o en el balc\u00f3n.<\/span><\/span><\/li>\n<li><span style=\"vertical-align: inherit;\"><span style=\"vertical-align: inherit;\">Evitar el uso de pesticidas qu\u00edmicos.<\/span><\/span><\/li>\n<li><span style=\"vertical-align: inherit;\"><span style=\"vertical-align: inherit;\">Comprar miel de productores locales y de confianza.<\/span><\/span><\/li>\n<\/ul>\n<p><span style=\"vertical-align: inherit;\"><span style=\"vertical-align: inherit;\">Visitar nuestro centro es una forma directa de aprender, conectar con la naturaleza y ayudar a difundir este mensaje. Te invitamos a descubrirlo en persona a trav\u00e9s de nuestra secci\u00f3n de visitas guiadas.<\/span><\/span><\/p>\n","protected":false},"excerpt":{"rendered":"<p>Las abejas son mucho m\u00e1s que productoras de miel. Estos peque\u00f1os insectos desempe\u00f1an un papel esencial en el mantenimiento de los ecosistemas naturales y agr\u00edcolas. De hecho, sin ellas, muchas especies de plantas y alimentos simplemente no existir\u00edan. En mellacaseta.cat, trabajamos cada d\u00eda para sensibilizar sobre su importancia y promover pr\u00e1cticas que ayuden a proteger [&hellip;]<\/p>\n","protected":false},"author":3,"featured_media":3411,"comment_status":"closed","ping_status":"closed","sticky":false,"template":"","format":"standard","meta":{"footnotes":""},"categories":[3],"tags":[],"class_list":["post-3410","post","type-post","status-publish","format-standard","has-post-thumbnail","hentry","category-sin-categorizar"],"yoast_head":"<!-- This site is optimized with the Yoast SEO plugin v27.2 - https:\/\/yoast.com\/product\/yoast-seo-wordpress\/ -->\n<title>La importancia de las abejas en el ecosistema y c\u00f3mo las protegemos - Mel La Caseta<\/title>\n<meta name=\"robots\" content=\"index, follow, max-snippet:-1, max-image-preview:large, max-video-preview:-1\" \/>\n<link rel=\"canonical\" href=\"https:\/\/mellacaseta.cat\/es\/la-importancia-de-las-abejas-en-el-ecosistema-y-como-las-protegemos\/\" \/>\n<meta property=\"og:locale\" content=\"es_ES\" \/>\n<meta property=\"og:type\" content=\"article\" \/>\n<meta property=\"og:title\" content=\"La importancia de las abejas en el ecosistema y c\u00f3mo las protegemos - Mel La Caseta\" \/>\n<meta property=\"og:description\" content=\"Las abejas son mucho m\u00e1s que productoras de miel. Estos peque\u00f1os insectos desempe\u00f1an un papel esencial en el mantenimiento de los ecosistemas naturales y agr\u00edcolas. De hecho, sin ellas, muchas especies de plantas y alimentos simplemente no existir\u00edan. En mellacaseta.cat, trabajamos cada d\u00eda para sensibilizar sobre su importancia y promover pr\u00e1cticas que ayuden a proteger [&hellip;]\" \/>\n<meta property=\"og:url\" content=\"https:\/\/mellacaseta.cat\/es\/la-importancia-de-las-abejas-en-el-ecosistema-y-como-las-protegemos\/\" \/>\n<meta property=\"og:site_name\" content=\"Mel La Caseta\" \/>\n<meta property=\"article:published_time\" content=\"2025-06-15T09:19:14+00:00\" \/>\n<meta property=\"og:image\" content=\"https:\/\/mellacaseta.cat\/wp-content\/uploads\/2025\/05\/mel-la-caseta-038-scaled-1030x688-1.webp\" \/>\n\t<meta property=\"og:image:width\" content=\"1030\" \/>\n\t<meta property=\"og:image:height\" content=\"688\" \/>\n\t<meta property=\"og:image:type\" content=\"image\/webp\" \/>\n<meta name=\"author\" content=\"Ergates Tecnologia SL\" \/>\n<meta name=\"twitter:card\" content=\"summary_large_image\" \/>\n<meta name=\"twitter:label1\" content=\"Escrito por\" \/>\n\t<meta name=\"twitter:data1\" content=\"Ergates Tecnologia SL\" \/>\n\t<meta name=\"twitter:label2\" content=\"Tiempo de lectura\" \/>\n\t<meta name=\"twitter:data2\" content=\"3 minutos\" \/>\n<script type=\"application\/ld+json\" class=\"yoast-schema-graph\">{\"@context\":\"https:\/\/schema.org\",\"@graph\":[{\"@type\":\"Article\",\"@id\":\"https:\/\/mellacaseta.cat\/es\/la-importancia-de-las-abejas-en-el-ecosistema-y-como-las-protegemos\/#article\",\"isPartOf\":{\"@id\":\"https:\/\/mellacaseta.cat\/es\/la-importancia-de-las-abejas-en-el-ecosistema-y-como-las-protegemos\/\"},\"author\":{\"name\":\"Ergates Tecnologia SL\",\"@id\":\"https:\/\/mellacaseta.cat\/es\/#\/schema\/person\/4cceb056bd830c1609de48e671ef6b3f\"},\"headline\":\"La importancia de las abejas en el ecosistema y c\u00f3mo las protegemos\",\"datePublished\":\"2025-06-15T09:19:14+00:00\",\"mainEntityOfPage\":{\"@id\":\"https:\/\/mellacaseta.cat\/es\/la-importancia-de-las-abejas-en-el-ecosistema-y-como-las-protegemos\/\"},\"wordCount\":500,\"image\":{\"@id\":\"https:\/\/mellacaseta.cat\/es\/la-importancia-de-las-abejas-en-el-ecosistema-y-como-las-protegemos\/#primaryimage\"},\"thumbnailUrl\":\"https:\/\/mellacaseta.cat\/wp-content\/uploads\/2025\/05\/mel-la-caseta-038-scaled-1030x688-1.webp\",\"articleSection\":[\"Sin categorizar\"],\"inLanguage\":\"es\"},{\"@type\":\"WebPage\",\"@id\":\"https:\/\/mellacaseta.cat\/es\/la-importancia-de-las-abejas-en-el-ecosistema-y-como-las-protegemos\/\",\"url\":\"https:\/\/mellacaseta.cat\/es\/la-importancia-de-las-abejas-en-el-ecosistema-y-como-las-protegemos\/\",\"name\":\"La importancia de las abejas en el ecosistema y c\u00f3mo las protegemos - Mel La Caseta\",\"isPartOf\":{\"@id\":\"https:\/\/mellacaseta.cat\/es\/#website\"},\"primaryImageOfPage\":{\"@id\":\"https:\/\/mellacaseta.cat\/es\/la-importancia-de-las-abejas-en-el-ecosistema-y-como-las-protegemos\/#primaryimage\"},\"image\":{\"@id\":\"https:\/\/mellacaseta.cat\/es\/la-importancia-de-las-abejas-en-el-ecosistema-y-como-las-protegemos\/#primaryimage\"},\"thumbnailUrl\":\"https:\/\/mellacaseta.cat\/wp-content\/uploads\/2025\/05\/mel-la-caseta-038-scaled-1030x688-1.webp\",\"datePublished\":\"2025-06-15T09:19:14+00:00\",\"author\":{\"@id\":\"https:\/\/mellacaseta.cat\/es\/#\/schema\/person\/4cceb056bd830c1609de48e671ef6b3f\"},\"breadcrumb\":{\"@id\":\"https:\/\/mellacaseta.cat\/es\/la-importancia-de-las-abejas-en-el-ecosistema-y-como-las-protegemos\/#breadcrumb\"},\"inLanguage\":\"es\",\"potentialAction\":[{\"@type\":\"ReadAction\",\"target\":[\"https:\/\/mellacaseta.cat\/es\/la-importancia-de-las-abejas-en-el-ecosistema-y-como-las-protegemos\/\"]}]},{\"@type\":\"ImageObject\",\"inLanguage\":\"es\",\"@id\":\"https:\/\/mellacaseta.cat\/es\/la-importancia-de-las-abejas-en-el-ecosistema-y-como-las-protegemos\/#primaryimage\",\"url\":\"https:\/\/mellacaseta.cat\/wp-content\/uploads\/2025\/05\/mel-la-caseta-038-scaled-1030x688-1.webp\",\"contentUrl\":\"https:\/\/mellacaseta.cat\/wp-content\/uploads\/2025\/05\/mel-la-caseta-038-scaled-1030x688-1.webp\",\"width\":1030,\"height\":688},{\"@type\":\"BreadcrumbList\",\"@id\":\"https:\/\/mellacaseta.cat\/es\/la-importancia-de-las-abejas-en-el-ecosistema-y-como-las-protegemos\/#breadcrumb\",\"itemListElement\":[{\"@type\":\"ListItem\",\"position\":1,\"name\":\"Inici\",\"item\":\"https:\/\/mellacaseta.cat\/es\/inicio\/\"},{\"@type\":\"ListItem\",\"position\":2,\"name\":\"La importancia de las abejas en el ecosistema y c\u00f3mo las protegemos\"}]},{\"@type\":\"WebSite\",\"@id\":\"https:\/\/mellacaseta.cat\/es\/#website\",\"url\":\"https:\/\/mellacaseta.cat\/es\/\",\"name\":\"Mel La Caseta\",\"description\":\"Mel 100% artesanal al cor del Bergued\u00e0\",\"potentialAction\":[{\"@type\":\"SearchAction\",\"target\":{\"@type\":\"EntryPoint\",\"urlTemplate\":\"https:\/\/mellacaseta.cat\/es\/?s={search_term_string}\"},\"query-input\":{\"@type\":\"PropertyValueSpecification\",\"valueRequired\":true,\"valueName\":\"search_term_string\"}}],\"inLanguage\":\"es\"},{\"@type\":\"Person\",\"@id\":\"https:\/\/mellacaseta.cat\/es\/#\/schema\/person\/4cceb056bd830c1609de48e671ef6b3f\",\"name\":\"Ergates Tecnologia SL\",\"image\":{\"@type\":\"ImageObject\",\"inLanguage\":\"es\",\"@id\":\"https:\/\/secure.gravatar.com\/avatar\/34b33c74c1470909c2755e42763df6cafed0a8cb7c816a34c8fd9c014ac08a4d?s=96&d=mm&r=g\",\"url\":\"https:\/\/secure.gravatar.com\/avatar\/34b33c74c1470909c2755e42763df6cafed0a8cb7c816a34c8fd9c014ac08a4d?s=96&d=mm&r=g\",\"contentUrl\":\"https:\/\/secure.gravatar.com\/avatar\/34b33c74c1470909c2755e42763df6cafed0a8cb7c816a34c8fd9c014ac08a4d?s=96&d=mm&r=g\",\"caption\":\"Ergates Tecnologia SL\"},\"sameAs\":[\"http:\/\/www.ergates.net\"],\"url\":\"https:\/\/mellacaseta.cat\/es\/author\/ergates\/\"}]}<\/script>\n<!-- \/ Yoast SEO plugin. -->","yoast_head_json":{"title":"La importancia de las abejas en el ecosistema y c\u00f3mo las protegemos - Mel La Caseta","robots":{"index":"index","follow":"follow","max-snippet":"max-snippet:-1","max-image-preview":"max-image-preview:large","max-video-preview":"max-video-preview:-1"},"canonical":"https:\/\/mellacaseta.cat\/es\/la-importancia-de-las-abejas-en-el-ecosistema-y-como-las-protegemos\/","og_locale":"es_ES","og_type":"article","og_title":"La importancia de las abejas en el ecosistema y c\u00f3mo las protegemos - Mel La Caseta","og_description":"Las abejas son mucho m\u00e1s que productoras de miel. Estos peque\u00f1os insectos desempe\u00f1an un papel esencial en el mantenimiento de los ecosistemas naturales y agr\u00edcolas. De hecho, sin ellas, muchas especies de plantas y alimentos simplemente no existir\u00edan. En mellacaseta.cat, trabajamos cada d\u00eda para sensibilizar sobre su importancia y promover pr\u00e1cticas que ayuden a proteger [&hellip;]","og_url":"https:\/\/mellacaseta.cat\/es\/la-importancia-de-las-abejas-en-el-ecosistema-y-como-las-protegemos\/","og_site_name":"Mel La Caseta","article_published_time":"2025-06-15T09:19:14+00:00","og_image":[{"width":1030,"height":688,"url":"https:\/\/mellacaseta.cat\/wp-content\/uploads\/2025\/05\/mel-la-caseta-038-scaled-1030x688-1.webp","type":"image\/webp"}],"author":"Ergates Tecnologia SL","twitter_card":"summary_large_image","twitter_misc":{"Escrito por":"Ergates Tecnologia SL","Tiempo de lectura":"3 minutos"},"schema":{"@context":"https:\/\/schema.org","@graph":[{"@type":"Article","@id":"https:\/\/mellacaseta.cat\/es\/la-importancia-de-las-abejas-en-el-ecosistema-y-como-las-protegemos\/#article","isPartOf":{"@id":"https:\/\/mellacaseta.cat\/es\/la-importancia-de-las-abejas-en-el-ecosistema-y-como-las-protegemos\/"},"author":{"name":"Ergates Tecnologia SL","@id":"https:\/\/mellacaseta.cat\/es\/#\/schema\/person\/4cceb056bd830c1609de48e671ef6b3f"},"headline":"La importancia de las abejas en el ecosistema y c\u00f3mo las protegemos","datePublished":"2025-06-15T09:19:14+00:00","mainEntityOfPage":{"@id":"https:\/\/mellacaseta.cat\/es\/la-importancia-de-las-abejas-en-el-ecosistema-y-como-las-protegemos\/"},"wordCount":500,"image":{"@id":"https:\/\/mellacaseta.cat\/es\/la-importancia-de-las-abejas-en-el-ecosistema-y-como-las-protegemos\/#primaryimage"},"thumbnailUrl":"https:\/\/mellacaseta.cat\/wp-content\/uploads\/2025\/05\/mel-la-caseta-038-scaled-1030x688-1.webp","articleSection":["Sin categorizar"],"inLanguage":"es"},{"@type":"WebPage","@id":"https:\/\/mellacaseta.cat\/es\/la-importancia-de-las-abejas-en-el-ecosistema-y-como-las-protegemos\/","url":"https:\/\/mellacaseta.cat\/es\/la-importancia-de-las-abejas-en-el-ecosistema-y-como-las-protegemos\/","name":"La importancia de las abejas en el ecosistema y c\u00f3mo las protegemos - Mel La Caseta","isPartOf":{"@id":"https:\/\/mellacaseta.cat\/es\/#website"},"primaryImageOfPage":{"@id":"https:\/\/mellacaseta.cat\/es\/la-importancia-de-las-abejas-en-el-ecosistema-y-como-las-protegemos\/#primaryimage"},"image":{"@id":"https:\/\/mellacaseta.cat\/es\/la-importancia-de-las-abejas-en-el-ecosistema-y-como-las-protegemos\/#primaryimage"},"thumbnailUrl":"https:\/\/mellacaseta.cat\/wp-content\/uploads\/2025\/05\/mel-la-caseta-038-scaled-1030x688-1.webp","datePublished":"2025-06-15T09:19:14+00:00","author":{"@id":"https:\/\/mellacaseta.cat\/es\/#\/schema\/person\/4cceb056bd830c1609de48e671ef6b3f"},"breadcrumb":{"@id":"https:\/\/mellacaseta.cat\/es\/la-importancia-de-las-abejas-en-el-ecosistema-y-como-las-protegemos\/#breadcrumb"},"inLanguage":"es","potentialAction":[{"@type":"ReadAction","target":["https:\/\/mellacaseta.cat\/es\/la-importancia-de-las-abejas-en-el-ecosistema-y-como-las-protegemos\/"]}]},{"@type":"ImageObject","inLanguage":"es","@id":"https:\/\/mellacaseta.cat\/es\/la-importancia-de-las-abejas-en-el-ecosistema-y-como-las-protegemos\/#primaryimage","url":"https:\/\/mellacaseta.cat\/wp-content\/uploads\/2025\/05\/mel-la-caseta-038-scaled-1030x688-1.webp","contentUrl":"https:\/\/mellacaseta.cat\/wp-content\/uploads\/2025\/05\/mel-la-caseta-038-scaled-1030x688-1.webp","width":1030,"height":688},{"@type":"BreadcrumbList","@id":"https:\/\/mellacaseta.cat\/es\/la-importancia-de-las-abejas-en-el-ecosistema-y-como-las-protegemos\/#breadcrumb","itemListElement":[{"@type":"ListItem","position":1,"name":"Inici","item":"https:\/\/mellacaseta.cat\/es\/inicio\/"},{"@type":"ListItem","position":2,"name":"La importancia de las abejas en el ecosistema y c\u00f3mo las protegemos"}]},{"@type":"WebSite","@id":"https:\/\/mellacaseta.cat\/es\/#website","url":"https:\/\/mellacaseta.cat\/es\/","name":"Mel La Caseta","description":"Mel 100% artesanal al cor del Bergued\u00e0","potentialAction":[{"@type":"SearchAction","target":{"@type":"EntryPoint","urlTemplate":"https:\/\/mellacaseta.cat\/es\/?s={search_term_string}"},"query-input":{"@type":"PropertyValueSpecification","valueRequired":true,"valueName":"search_term_string"}}],"inLanguage":"es"},{"@type":"Person","@id":"https:\/\/mellacaseta.cat\/es\/#\/schema\/person\/4cceb056bd830c1609de48e671ef6b3f","name":"Ergates Tecnologia SL","image":{"@type":"ImageObject","inLanguage":"es","@id":"https:\/\/secure.gravatar.com\/avatar\/34b33c74c1470909c2755e42763df6cafed0a8cb7c816a34c8fd9c014ac08a4d?s=96&d=mm&r=g","url":"https:\/\/secure.gravatar.com\/avatar\/34b33c74c1470909c2755e42763df6cafed0a8cb7c816a34c8fd9c014ac08a4d?s=96&d=mm&r=g","contentUrl":"https:\/\/secure.gravatar.com\/avatar\/34b33c74c1470909c2755e42763df6cafed0a8cb7c816a34c8fd9c014ac08a4d?s=96&d=mm&r=g","caption":"Ergates Tecnologia SL"},"sameAs":["http:\/\/www.ergates.net"],"url":"https:\/\/mellacaseta.cat\/es\/author\/ergates\/"}]}},"_links":{"self":[{"href":"https:\/\/mellacaseta.cat\/es\/wp-json\/wp\/v2\/posts\/3410","targetHints":{"allow":["GET"]}}],"collection":[{"href":"https:\/\/mellacaseta.cat\/es\/wp-json\/wp\/v2\/posts"}],"about":[{"href":"https:\/\/mellacaseta.cat\/es\/wp-json\/wp\/v2\/types\/post"}],"author":[{"embeddable":true,"href":"https:\/\/mellacaseta.cat\/es\/wp-json\/wp\/v2\/users\/3"}],"replies":[{"embeddable":true,"href":"https:\/\/mellacaseta.cat\/es\/wp-json\/wp\/v2\/comments?post=3410"}],"version-history":[{"count":3,"href":"https:\/\/mellacaseta.cat\/es\/wp-json\/wp\/v2\/posts\/3410\/revisions"}],"predecessor-version":[{"id":3414,"href":"https:\/\/mellacaseta.cat\/es\/wp-json\/wp\/v2\/posts\/3410\/revisions\/3414"}],"wp:featuredmedia":[{"embeddable":true,"href":"https:\/\/mellacaseta.cat\/es\/wp-json\/wp\/v2\/media\/3411"}],"wp:attachment":[{"href":"https:\/\/mellacaseta.cat\/es\/wp-json\/wp\/v2\/media?parent=3410"}],"wp:term":[{"taxonomy":"category","embeddable":true,"href":"https:\/\/mellacaseta.cat\/es\/wp-json\/wp\/v2\/categories?post=3410"},{"taxonomy":"post_tag","embeddable":true,"href":"https:\/\/mellacaseta.cat\/es\/wp-json\/wp\/v2\/tags?post=3410"}],"curies":[{"name":"wp","href":"https:\/\/api.w.org\/{rel}","templated":true}]}}