{"id":3348,"date":"2025-05-21T09:42:04","date_gmt":"2025-05-21T07:42:04","guid":{"rendered":"https:\/\/mellacaseta.cat\/?p=3348"},"modified":"2025-05-21T09:42:04","modified_gmt":"2025-05-21T07:42:04","slug":"descubre-el-mundo-de-las-abejas-visita-un-centro-apicola-en-familia","status":"publish","type":"post","link":"https:\/\/mellacaseta.cat\/es\/descubre-el-mundo-de-las-abejas-visita-un-centro-apicola-en-familia\/","title":{"rendered":"Descubre el mundo de las abejas: visita un centro ap\u00edcola en familia"},"content":{"rendered":"<p><strong><span style=\"vertical-align: inherit;\"><span style=\"vertical-align: inherit;\">\u00bfQuieres vivir una experiencia \u00fanica en el coraz\u00f3n del Bergued\u00e0?<\/span><\/span><\/strong><span style=\"vertical-align: inherit;\"><span style=\"vertical-align: inherit;\"> Descubre el fascinante universo de las abejas con una visita guiada a nuestro centro ap\u00edcola. Se trata de una actividad ideal para hacer en familia, en la que peque\u00f1os y mayores podr\u00e1n conocer el d\u00eda a d\u00eda de estos insectos imprescindibles para la vida en el planeta.<\/span><\/span><\/p>\n<h2><span style=\"vertical-align: inherit;\"><span style=\"vertical-align: inherit;\">Una actividad educativa y divertida para todos<\/span><\/span><\/h2>\n<p><span style=\"vertical-align: inherit;\"><span style=\"vertical-align: inherit;\">Nuestras visitas est\u00e1n pensadas para ser <\/span><\/span><strong><span style=\"vertical-align: inherit;\"><span style=\"vertical-align: inherit;\">divulgativas, interactivas y adaptadas a todas las edades<\/span><\/span><\/strong><span style=\"vertical-align: inherit;\"><span style=\"vertical-align: inherit;\"> . Si vienes con ni\u00f1os, encontrar\u00e1n un mont\u00f3n de sorpresas pensadas para ellos: observar\u00e1n de cerca una colmena en funcionamiento, aprender\u00e1n c\u00f3mo viven las abejas y participar\u00e1n en talleres pr\u00e1cticos como hacer velas con cera de abeja o descubrir el gusto de diferentes tipos de miel.<\/span><\/span><\/p>\n<p><span style=\"vertical-align: inherit;\"><span style=\"vertical-align: inherit;\">Para los adultos, ofrecemos una mirada m\u00e1s profunda a la apicultura, explicando c\u00f3mo gestionamos las colonias, c\u00f3mo colaboramos con el entorno y qu\u00e9 beneficios aporta nuestro modelo de producci\u00f3n sostenible.<\/span><\/span><\/p>\n<h2><span style=\"vertical-align: inherit;\"><span style=\"vertical-align: inherit;\">\u00bfQu\u00e9 aprender\u00e1s durante la visita?<\/span><\/span><\/h2>\n<ul>\n<li><strong><span style=\"vertical-align: inherit;\"><span style=\"vertical-align: inherit;\">C\u00f3mo se organizan las abejas dentro de la colmena<\/span><\/span><\/strong><span style=\"vertical-align: inherit;\"><span style=\"vertical-align: inherit;\"> , qu\u00e9 roles tienen y c\u00f3mo trabajan de manera colectiva.<\/span><\/span><\/li>\n<li><strong><span style=\"vertical-align: inherit;\"><span style=\"vertical-align: inherit;\">C\u00f3mo se hace la miel artesanal<\/span><\/span><\/strong><span style=\"vertical-align: inherit;\"><span style=\"vertical-align: inherit;\"> , desde la recolecci\u00f3n del n\u00e9ctar hasta el envasado.<\/span><\/span><\/li>\n<li><strong><span style=\"vertical-align: inherit;\"><span style=\"vertical-align: inherit;\">La importancia ecol\u00f3gica de las abejas<\/span><\/span><\/strong><span style=\"vertical-align: inherit;\"><span style=\"vertical-align: inherit;\"> , esenciales para la polinizaci\u00f3n de muchas plantas y cultivos.<\/span><\/span><\/li>\n<li><strong><span style=\"vertical-align: inherit;\"><span style=\"vertical-align: inherit;\">Los riesgos que las amenazan<\/span><\/span><\/strong><span style=\"vertical-align: inherit;\"><span style=\"vertical-align: inherit;\"> , como los pesticidas, la p\u00e9rdida de h\u00e1bitat y el cambio clim\u00e1tico, y c\u00f3mo podemos ayudar a protegerlas.<\/span><\/span><\/li>\n<\/ul>\n<p><span style=\"vertical-align: inherit;\"><span style=\"vertical-align: inherit;\">Todo ello, en un entorno natural tranquilo y cuidado, ideal para pasar una ma\u00f1ana o tarde con la familia.<\/span><\/span><\/p>\n<h2><span style=\"vertical-align: inherit;\"><span style=\"vertical-align: inherit;\">Cata de mieles y tienda local<\/span><\/span><\/h2>\n<p><span style=\"vertical-align: inherit;\"><span style=\"vertical-align: inherit;\">Despu\u00e9s de la visita, podr\u00e1s realizar una cata guiada de nuestras variedades de <\/span><\/span><strong><span style=\"vertical-align: inherit;\"><span style=\"vertical-align: inherit;\">miel del Bergued\u00e0<\/span><\/span><\/strong><span style=\"vertical-align: inherit;\"><span style=\"vertical-align: inherit;\"> , todas ellas producidas artesanalmente y con respeto por el ciclo natural de las abejas. Descubrir\u00e1s c\u00f3mo cambia el gusto seg\u00fan la floraci\u00f3n y la zona, y podr\u00e1s adquirir productos locales en nuestra tiendecita.<\/span><\/span><\/p>\n<p><span style=\"vertical-align: inherit;\"><span style=\"vertical-align: inherit;\">Encontrar\u00e1s desde botes de miel hasta prop\u00f3leos, polen, velas y regalos de proximidad. Puedes ver un adelanto en nuestra secci\u00f3n de productos.<\/span><\/span><\/p>\n<h2><span style=\"vertical-align: inherit;\"><span style=\"vertical-align: inherit;\">C\u00f3mo reservar tu visita<\/span><\/span><\/h2>\n<p><span style=\"vertical-align: inherit;\"><span style=\"vertical-align: inherit;\">Organizamos visitas para familias, escuelas y grupos concertados. Todos los detalles, horarios y la reserva online los encontrar\u00e1s en Visitas guiadas.<\/span><\/span><\/p>\n<p><strong><span style=\"vertical-align: inherit;\"><span style=\"vertical-align: inherit;\">\u00a1No dejes escapar esta oportunidad!<\/span><\/span><\/strong><span style=\"vertical-align: inherit;\"><span style=\"vertical-align: inherit;\"> Ven a conocer el mundo ap\u00edcola de forma divertida, educativa y conectada con la naturaleza. Te esperamos en La Caseta para que puedas descubrir, probar y disfrutar de lo que nos ofrecen las abejas.<\/span><\/span><\/p>\n<h2><span style=\"vertical-align: inherit;\"><span style=\"vertical-align: inherit;\">Beneficios de la miel artesanal para tu salud<\/span><\/span><\/h2>\n<p><span style=\"vertical-align: inherit;\"><span style=\"vertical-align: inherit;\">La <\/span><\/span><strong><span style=\"vertical-align: inherit;\"><span style=\"vertical-align: inherit;\">miel artesanal<\/span><\/span><\/strong><span style=\"vertical-align: inherit;\"><span style=\"vertical-align: inherit;\"> no es s\u00f3lo un alimento delicioso. Es un tesoro natural cargado de propiedades que benefician a la salud f\u00edsica y emocional. Durante siglos, se ha utilizado tanto como remedio natural como ingrediente clave en la alimentaci\u00f3n. A diferencia de las mieles industriales, la miel artesanal conserva todas sus propiedades porque no ha sido calentada ni procesada en exceso.<\/span><\/span><\/p>\n<p><span style=\"vertical-align: inherit;\"><span style=\"vertical-align: inherit;\">En mellacaseta.cat, ofrecemos <\/span><\/span><strong><span style=\"vertical-align: inherit;\"><span style=\"vertical-align: inherit;\">miel del Bergued\u00e0 recolectada cuidadosamente<\/span><\/span><\/strong><span style=\"vertical-align: inherit;\"><span style=\"vertical-align: inherit;\"> y producida siguiendo m\u00e9todos respetuosos con el entorno y con las abejas. A continuaci\u00f3n te explicamos por qu\u00e9 es tan especial.<\/span><\/span><\/p>\n<h3><span style=\"vertical-align: inherit;\"><span style=\"vertical-align: inherit;\">1. Potente antioxidante natural<\/span><\/span><\/h3>\n<p><span style=\"vertical-align: inherit;\"><span style=\"vertical-align: inherit;\">La miel est\u00e1 cargada de <\/span><\/span><strong><span style=\"vertical-align: inherit;\"><span style=\"vertical-align: inherit;\">flavonoides y compuestos fen\u00f3licos<\/span><\/span><\/strong><span style=\"vertical-align: inherit;\"><span style=\"vertical-align: inherit;\"> , que act\u00faan como antioxidantes. \u00c9stos ayudan a proteger el cuerpo del da\u00f1o celular provocado por los radicales libres y pueden reducir el riesgo de enfermedades cr\u00f3nicas, como problemas card\u00edacos y neurodegenerativos.<\/span><\/span><\/p>\n<h3><span style=\"vertical-align: inherit;\"><span style=\"vertical-align: inherit;\">2. Acci\u00f3n antibacteriana y cicatrizante<\/span><\/span><\/h3>\n<p><span style=\"vertical-align: inherit;\"><span style=\"vertical-align: inherit;\">La miel contiene per\u00f3xido de hidr\u00f3geno y otras sustancias antimicrobianas que la convierten en un remedio natural para peque\u00f1as heridas, quemaduras e irritaciones. A nivel interno, puede ayudar a <\/span><\/span><strong><span style=\"vertical-align: inherit;\"><span style=\"vertical-align: inherit;\">aliviar el dolor de garganta y la tos<\/span><\/span><\/strong><span style=\"vertical-align: inherit;\"><span style=\"vertical-align: inherit;\"> , por lo que a menudo se recomienda con infusiones o leche tibia.<\/span><\/span><\/p>\n<h3><span style=\"vertical-align: inherit;\"><span style=\"vertical-align: inherit;\">3. Fuente de energ\u00eda natural<\/span><\/span><\/h3>\n<p><span style=\"vertical-align: inherit;\"><span style=\"vertical-align: inherit;\">Gracias a su alto contenido en <\/span><\/span><strong><span style=\"vertical-align: inherit;\"><span style=\"vertical-align: inherit;\">glucosa y fructosa<\/span><\/span><\/strong><span style=\"vertical-align: inherit;\"><span style=\"vertical-align: inherit;\"> , la miel es una fuente r\u00e1pida y saludable de energ\u00eda. Es perfecta para deportistas, estudiantes o para combatir descargas de energ\u00eda puntuales durante el d\u00eda. A diferencia del az\u00facar blanco, la miel tiene un \u00edndice gluc\u00e9mico m\u00e1s bajo y, por tanto, no provoca subidas bruscas de az\u00facar en la sangre.<\/span><\/span><\/p>\n<h3><span style=\"vertical-align: inherit;\"><span style=\"vertical-align: inherit;\">4. Mejora del sistema digestivo<\/span><\/span><\/h3>\n<p><span style=\"vertical-align: inherit;\"><span style=\"vertical-align: inherit;\">Consumida con moderaci\u00f3n, la miel puede <\/span><\/span><strong><span style=\"vertical-align: inherit;\"><span style=\"vertical-align: inherit;\">mejorar la digesti\u00f3n y el tr\u00e1nsito intestinal<\/span><\/span><\/strong><span style=\"vertical-align: inherit;\"><span style=\"vertical-align: inherit;\"> . Tambi\u00e9n favorece el crecimiento de bacterias beneficiosas para la flora intestinal, ayudando as\u00ed a mantener un sistema digestivo saludable.<\/span><\/span><\/p>\n<h3>5. Relaxant i regulador del son<\/h3>\n<p><span style=\"vertical-align: inherit;\"><span style=\"vertical-align: inherit;\">Algunas variedades de miel, como la de azahar o lavanda, tienen <\/span><\/span><strong><span style=\"vertical-align: inherit;\"><span style=\"vertical-align: inherit;\">efectos relajantes<\/span><\/span><\/strong><span style=\"vertical-align: inherit;\"><span style=\"vertical-align: inherit;\"> . Una cucharada de miel antes de acostarse puede favorecer el descanso y mejorar la calidad del sue\u00f1o de forma natural, sin necesidad de medicaci\u00f3n.<\/span><\/span><\/p>\n<h2><span style=\"vertical-align: inherit;\"><span style=\"vertical-align: inherit;\">\u00bfC\u00f3mo incorporar la miel artesanal en tu d\u00eda a d\u00eda?<\/span><\/span><\/h2>\n<p><span style=\"vertical-align: inherit;\"><span style=\"vertical-align: inherit;\">Hay muchas maneras de disfrutar de los <\/span><\/span><strong><span style=\"vertical-align: inherit;\"><span style=\"vertical-align: inherit;\">beneficios de la miel del Bergued\u00e0<\/span><\/span><\/strong><span style=\"vertical-align: inherit;\"><span style=\"vertical-align: inherit;\"> :<\/span><\/span><\/p>\n<ul>\n<li><span style=\"vertical-align: inherit;\"><span style=\"vertical-align: inherit;\">Con yogur natural o reques\u00f3n.<\/span><\/span><\/li>\n<li><span style=\"vertical-align: inherit;\"><span style=\"vertical-align: inherit;\">En las tostadas con un toque de aceite de oliva.<\/span><\/span><\/li>\n<li><span style=\"vertical-align: inherit;\"><span style=\"vertical-align: inherit;\">Disuelta en infusiones o leche vegetal.<\/span><\/span><\/li>\n<li><span style=\"vertical-align: inherit;\"><span style=\"vertical-align: inherit;\">En platos salados como salsas o ensaladas.<\/span><\/span><\/li>\n<li><span style=\"vertical-align: inherit;\"><span style=\"vertical-align: inherit;\">En recetas tradicionales, como puedes ver en nuestro art\u00edculo de recetas con miel.<\/span><\/span><\/li>\n<\/ul>\n<p><span style=\"vertical-align: inherit;\"><span style=\"vertical-align: inherit;\">Si todav\u00eda no la has probado, te invitamos a descubrir nuestras variedades en la secci\u00f3n de productos, donde encontrar\u00e1s opciones para cada gusto y ocasi\u00f3n.<\/span><\/span><\/p>\n","protected":false},"excerpt":{"rendered":"<p>\u00bfQuieres vivir una experiencia \u00fanica en el coraz\u00f3n del Bergued\u00e0? Descubre el fascinante universo de las abejas con una visita guiada a nuestro centro ap\u00edcola. Se trata de una actividad ideal para hacer en familia, en la que peque\u00f1os y mayores podr\u00e1n conocer el d\u00eda a d\u00eda de estos insectos imprescindibles para la vida en [&hellip;]<\/p>\n","protected":false},"author":3,"featured_media":3302,"comment_status":"closed","ping_status":"closed","sticky":false,"template":"","format":"standard","meta":{"footnotes":""},"categories":[3],"tags":[],"class_list":["post-3348","post","type-post","status-publish","format-standard","has-post-thumbnail","hentry","category-sin-categorizar"],"yoast_head":"<!-- This site is optimized with the Yoast SEO plugin v27.2 - https:\/\/yoast.com\/product\/yoast-seo-wordpress\/ -->\n<title>Descubre el mundo de las abejas: visita un centro ap\u00edcola en familia - Mel La Caseta<\/title>\n<meta name=\"robots\" content=\"index, follow, max-snippet:-1, max-image-preview:large, max-video-preview:-1\" \/>\n<link rel=\"canonical\" href=\"https:\/\/mellacaseta.cat\/es\/descubre-el-mundo-de-las-abejas-visita-un-centro-apicola-en-familia\/\" \/>\n<meta property=\"og:locale\" content=\"es_ES\" \/>\n<meta property=\"og:type\" content=\"article\" \/>\n<meta property=\"og:title\" content=\"Descubre el mundo de las abejas: visita un centro ap\u00edcola en familia - Mel La Caseta\" \/>\n<meta property=\"og:description\" content=\"\u00bfQuieres vivir una experiencia \u00fanica en el coraz\u00f3n del Bergued\u00e0? Descubre el fascinante universo de las abejas con una visita guiada a nuestro centro ap\u00edcola. Se trata de una actividad ideal para hacer en familia, en la que peque\u00f1os y mayores podr\u00e1n conocer el d\u00eda a d\u00eda de estos insectos imprescindibles para la vida en [&hellip;]\" \/>\n<meta property=\"og:url\" content=\"https:\/\/mellacaseta.cat\/es\/descubre-el-mundo-de-las-abejas-visita-un-centro-apicola-en-familia\/\" \/>\n<meta property=\"og:site_name\" content=\"Mel La Caseta\" \/>\n<meta property=\"article:published_time\" content=\"2025-05-21T07:42:04+00:00\" \/>\n<meta property=\"og:image\" content=\"https:\/\/mellacaseta.cat\/wp-content\/uploads\/2024\/10\/mel-la-caseta-075-scaled-1030x688.jpg\" \/>\n\t<meta property=\"og:image:width\" content=\"1030\" \/>\n\t<meta property=\"og:image:height\" content=\"688\" \/>\n\t<meta property=\"og:image:type\" content=\"image\/jpeg\" \/>\n<meta name=\"author\" content=\"Ergates Tecnologia SL\" \/>\n<meta name=\"twitter:card\" content=\"summary_large_image\" \/>\n<meta name=\"twitter:label1\" content=\"Escrito por\" \/>\n\t<meta name=\"twitter:data1\" content=\"Ergates Tecnologia SL\" \/>\n\t<meta name=\"twitter:label2\" content=\"Tiempo de lectura\" \/>\n\t<meta name=\"twitter:data2\" content=\"5 minutos\" \/>\n<script type=\"application\/ld+json\" class=\"yoast-schema-graph\">{\"@context\":\"https:\/\/schema.org\",\"@graph\":[{\"@type\":\"Article\",\"@id\":\"https:\/\/mellacaseta.cat\/es\/descubre-el-mundo-de-las-abejas-visita-un-centro-apicola-en-familia\/#article\",\"isPartOf\":{\"@id\":\"https:\/\/mellacaseta.cat\/es\/descubre-el-mundo-de-las-abejas-visita-un-centro-apicola-en-familia\/\"},\"author\":{\"name\":\"Ergates Tecnologia SL\",\"@id\":\"https:\/\/mellacaseta.cat\/es\/#\/schema\/person\/4cceb056bd830c1609de48e671ef6b3f\"},\"headline\":\"Descubre el mundo de las abejas: visita un centro ap\u00edcola en familia\",\"datePublished\":\"2025-05-21T07:42:04+00:00\",\"mainEntityOfPage\":{\"@id\":\"https:\/\/mellacaseta.cat\/es\/descubre-el-mundo-de-las-abejas-visita-un-centro-apicola-en-familia\/\"},\"wordCount\":908,\"image\":{\"@id\":\"https:\/\/mellacaseta.cat\/es\/descubre-el-mundo-de-las-abejas-visita-un-centro-apicola-en-familia\/#primaryimage\"},\"thumbnailUrl\":\"https:\/\/mellacaseta.cat\/wp-content\/uploads\/2024\/10\/mel-la-caseta-075-scaled.jpg\",\"articleSection\":[\"Sin categorizar\"],\"inLanguage\":\"es\"},{\"@type\":\"WebPage\",\"@id\":\"https:\/\/mellacaseta.cat\/es\/descubre-el-mundo-de-las-abejas-visita-un-centro-apicola-en-familia\/\",\"url\":\"https:\/\/mellacaseta.cat\/es\/descubre-el-mundo-de-las-abejas-visita-un-centro-apicola-en-familia\/\",\"name\":\"Descubre el mundo de las abejas: visita un centro ap\u00edcola en familia - Mel La Caseta\",\"isPartOf\":{\"@id\":\"https:\/\/mellacaseta.cat\/es\/#website\"},\"primaryImageOfPage\":{\"@id\":\"https:\/\/mellacaseta.cat\/es\/descubre-el-mundo-de-las-abejas-visita-un-centro-apicola-en-familia\/#primaryimage\"},\"image\":{\"@id\":\"https:\/\/mellacaseta.cat\/es\/descubre-el-mundo-de-las-abejas-visita-un-centro-apicola-en-familia\/#primaryimage\"},\"thumbnailUrl\":\"https:\/\/mellacaseta.cat\/wp-content\/uploads\/2024\/10\/mel-la-caseta-075-scaled.jpg\",\"datePublished\":\"2025-05-21T07:42:04+00:00\",\"author\":{\"@id\":\"https:\/\/mellacaseta.cat\/es\/#\/schema\/person\/4cceb056bd830c1609de48e671ef6b3f\"},\"breadcrumb\":{\"@id\":\"https:\/\/mellacaseta.cat\/es\/descubre-el-mundo-de-las-abejas-visita-un-centro-apicola-en-familia\/#breadcrumb\"},\"inLanguage\":\"es\",\"potentialAction\":[{\"@type\":\"ReadAction\",\"target\":[\"https:\/\/mellacaseta.cat\/es\/descubre-el-mundo-de-las-abejas-visita-un-centro-apicola-en-familia\/\"]}]},{\"@type\":\"ImageObject\",\"inLanguage\":\"es\",\"@id\":\"https:\/\/mellacaseta.cat\/es\/descubre-el-mundo-de-las-abejas-visita-un-centro-apicola-en-familia\/#primaryimage\",\"url\":\"https:\/\/mellacaseta.cat\/wp-content\/uploads\/2024\/10\/mel-la-caseta-075-scaled.jpg\",\"contentUrl\":\"https:\/\/mellacaseta.cat\/wp-content\/uploads\/2024\/10\/mel-la-caseta-075-scaled.jpg\",\"width\":2560,\"height\":1709},{\"@type\":\"BreadcrumbList\",\"@id\":\"https:\/\/mellacaseta.cat\/es\/descubre-el-mundo-de-las-abejas-visita-un-centro-apicola-en-familia\/#breadcrumb\",\"itemListElement\":[{\"@type\":\"ListItem\",\"position\":1,\"name\":\"Inici\",\"item\":\"https:\/\/mellacaseta.cat\/es\/inicio\/\"},{\"@type\":\"ListItem\",\"position\":2,\"name\":\"Descubre el mundo de las abejas: visita un centro ap\u00edcola en familia\"}]},{\"@type\":\"WebSite\",\"@id\":\"https:\/\/mellacaseta.cat\/es\/#website\",\"url\":\"https:\/\/mellacaseta.cat\/es\/\",\"name\":\"Mel La Caseta\",\"description\":\"Mel 100% artesanal al cor del Bergued\u00e0\",\"potentialAction\":[{\"@type\":\"SearchAction\",\"target\":{\"@type\":\"EntryPoint\",\"urlTemplate\":\"https:\/\/mellacaseta.cat\/es\/?s={search_term_string}\"},\"query-input\":{\"@type\":\"PropertyValueSpecification\",\"valueRequired\":true,\"valueName\":\"search_term_string\"}}],\"inLanguage\":\"es\"},{\"@type\":\"Person\",\"@id\":\"https:\/\/mellacaseta.cat\/es\/#\/schema\/person\/4cceb056bd830c1609de48e671ef6b3f\",\"name\":\"Ergates Tecnologia SL\",\"image\":{\"@type\":\"ImageObject\",\"inLanguage\":\"es\",\"@id\":\"https:\/\/secure.gravatar.com\/avatar\/34b33c74c1470909c2755e42763df6cafed0a8cb7c816a34c8fd9c014ac08a4d?s=96&d=mm&r=g\",\"url\":\"https:\/\/secure.gravatar.com\/avatar\/34b33c74c1470909c2755e42763df6cafed0a8cb7c816a34c8fd9c014ac08a4d?s=96&d=mm&r=g\",\"contentUrl\":\"https:\/\/secure.gravatar.com\/avatar\/34b33c74c1470909c2755e42763df6cafed0a8cb7c816a34c8fd9c014ac08a4d?s=96&d=mm&r=g\",\"caption\":\"Ergates Tecnologia SL\"},\"sameAs\":[\"http:\/\/www.ergates.net\"],\"url\":\"https:\/\/mellacaseta.cat\/es\/author\/ergates\/\"}]}<\/script>\n<!-- \/ Yoast SEO plugin. -->","yoast_head_json":{"title":"Descubre el mundo de las abejas: visita un centro ap\u00edcola en familia - Mel La Caseta","robots":{"index":"index","follow":"follow","max-snippet":"max-snippet:-1","max-image-preview":"max-image-preview:large","max-video-preview":"max-video-preview:-1"},"canonical":"https:\/\/mellacaseta.cat\/es\/descubre-el-mundo-de-las-abejas-visita-un-centro-apicola-en-familia\/","og_locale":"es_ES","og_type":"article","og_title":"Descubre el mundo de las abejas: visita un centro ap\u00edcola en familia - Mel La Caseta","og_description":"\u00bfQuieres vivir una experiencia \u00fanica en el coraz\u00f3n del Bergued\u00e0? Descubre el fascinante universo de las abejas con una visita guiada a nuestro centro ap\u00edcola. Se trata de una actividad ideal para hacer en familia, en la que peque\u00f1os y mayores podr\u00e1n conocer el d\u00eda a d\u00eda de estos insectos imprescindibles para la vida en [&hellip;]","og_url":"https:\/\/mellacaseta.cat\/es\/descubre-el-mundo-de-las-abejas-visita-un-centro-apicola-en-familia\/","og_site_name":"Mel La Caseta","article_published_time":"2025-05-21T07:42:04+00:00","og_image":[{"width":1030,"height":688,"url":"https:\/\/mellacaseta.cat\/wp-content\/uploads\/2024\/10\/mel-la-caseta-075-scaled-1030x688.jpg","type":"image\/jpeg"}],"author":"Ergates Tecnologia SL","twitter_card":"summary_large_image","twitter_misc":{"Escrito por":"Ergates Tecnologia SL","Tiempo de lectura":"5 minutos"},"schema":{"@context":"https:\/\/schema.org","@graph":[{"@type":"Article","@id":"https:\/\/mellacaseta.cat\/es\/descubre-el-mundo-de-las-abejas-visita-un-centro-apicola-en-familia\/#article","isPartOf":{"@id":"https:\/\/mellacaseta.cat\/es\/descubre-el-mundo-de-las-abejas-visita-un-centro-apicola-en-familia\/"},"author":{"name":"Ergates Tecnologia SL","@id":"https:\/\/mellacaseta.cat\/es\/#\/schema\/person\/4cceb056bd830c1609de48e671ef6b3f"},"headline":"Descubre el mundo de las abejas: visita un centro ap\u00edcola en familia","datePublished":"2025-05-21T07:42:04+00:00","mainEntityOfPage":{"@id":"https:\/\/mellacaseta.cat\/es\/descubre-el-mundo-de-las-abejas-visita-un-centro-apicola-en-familia\/"},"wordCount":908,"image":{"@id":"https:\/\/mellacaseta.cat\/es\/descubre-el-mundo-de-las-abejas-visita-un-centro-apicola-en-familia\/#primaryimage"},"thumbnailUrl":"https:\/\/mellacaseta.cat\/wp-content\/uploads\/2024\/10\/mel-la-caseta-075-scaled.jpg","articleSection":["Sin categorizar"],"inLanguage":"es"},{"@type":"WebPage","@id":"https:\/\/mellacaseta.cat\/es\/descubre-el-mundo-de-las-abejas-visita-un-centro-apicola-en-familia\/","url":"https:\/\/mellacaseta.cat\/es\/descubre-el-mundo-de-las-abejas-visita-un-centro-apicola-en-familia\/","name":"Descubre el mundo de las abejas: visita un centro ap\u00edcola en familia - Mel La Caseta","isPartOf":{"@id":"https:\/\/mellacaseta.cat\/es\/#website"},"primaryImageOfPage":{"@id":"https:\/\/mellacaseta.cat\/es\/descubre-el-mundo-de-las-abejas-visita-un-centro-apicola-en-familia\/#primaryimage"},"image":{"@id":"https:\/\/mellacaseta.cat\/es\/descubre-el-mundo-de-las-abejas-visita-un-centro-apicola-en-familia\/#primaryimage"},"thumbnailUrl":"https:\/\/mellacaseta.cat\/wp-content\/uploads\/2024\/10\/mel-la-caseta-075-scaled.jpg","datePublished":"2025-05-21T07:42:04+00:00","author":{"@id":"https:\/\/mellacaseta.cat\/es\/#\/schema\/person\/4cceb056bd830c1609de48e671ef6b3f"},"breadcrumb":{"@id":"https:\/\/mellacaseta.cat\/es\/descubre-el-mundo-de-las-abejas-visita-un-centro-apicola-en-familia\/#breadcrumb"},"inLanguage":"es","potentialAction":[{"@type":"ReadAction","target":["https:\/\/mellacaseta.cat\/es\/descubre-el-mundo-de-las-abejas-visita-un-centro-apicola-en-familia\/"]}]},{"@type":"ImageObject","inLanguage":"es","@id":"https:\/\/mellacaseta.cat\/es\/descubre-el-mundo-de-las-abejas-visita-un-centro-apicola-en-familia\/#primaryimage","url":"https:\/\/mellacaseta.cat\/wp-content\/uploads\/2024\/10\/mel-la-caseta-075-scaled.jpg","contentUrl":"https:\/\/mellacaseta.cat\/wp-content\/uploads\/2024\/10\/mel-la-caseta-075-scaled.jpg","width":2560,"height":1709},{"@type":"BreadcrumbList","@id":"https:\/\/mellacaseta.cat\/es\/descubre-el-mundo-de-las-abejas-visita-un-centro-apicola-en-familia\/#breadcrumb","itemListElement":[{"@type":"ListItem","position":1,"name":"Inici","item":"https:\/\/mellacaseta.cat\/es\/inicio\/"},{"@type":"ListItem","position":2,"name":"Descubre el mundo de las abejas: visita un centro ap\u00edcola en familia"}]},{"@type":"WebSite","@id":"https:\/\/mellacaseta.cat\/es\/#website","url":"https:\/\/mellacaseta.cat\/es\/","name":"Mel La Caseta","description":"Mel 100% artesanal al cor del Bergued\u00e0","potentialAction":[{"@type":"SearchAction","target":{"@type":"EntryPoint","urlTemplate":"https:\/\/mellacaseta.cat\/es\/?s={search_term_string}"},"query-input":{"@type":"PropertyValueSpecification","valueRequired":true,"valueName":"search_term_string"}}],"inLanguage":"es"},{"@type":"Person","@id":"https:\/\/mellacaseta.cat\/es\/#\/schema\/person\/4cceb056bd830c1609de48e671ef6b3f","name":"Ergates Tecnologia SL","image":{"@type":"ImageObject","inLanguage":"es","@id":"https:\/\/secure.gravatar.com\/avatar\/34b33c74c1470909c2755e42763df6cafed0a8cb7c816a34c8fd9c014ac08a4d?s=96&d=mm&r=g","url":"https:\/\/secure.gravatar.com\/avatar\/34b33c74c1470909c2755e42763df6cafed0a8cb7c816a34c8fd9c014ac08a4d?s=96&d=mm&r=g","contentUrl":"https:\/\/secure.gravatar.com\/avatar\/34b33c74c1470909c2755e42763df6cafed0a8cb7c816a34c8fd9c014ac08a4d?s=96&d=mm&r=g","caption":"Ergates Tecnologia SL"},"sameAs":["http:\/\/www.ergates.net"],"url":"https:\/\/mellacaseta.cat\/es\/author\/ergates\/"}]}},"_links":{"self":[{"href":"https:\/\/mellacaseta.cat\/es\/wp-json\/wp\/v2\/posts\/3348","targetHints":{"allow":["GET"]}}],"collection":[{"href":"https:\/\/mellacaseta.cat\/es\/wp-json\/wp\/v2\/posts"}],"about":[{"href":"https:\/\/mellacaseta.cat\/es\/wp-json\/wp\/v2\/types\/post"}],"author":[{"embeddable":true,"href":"https:\/\/mellacaseta.cat\/es\/wp-json\/wp\/v2\/users\/3"}],"replies":[{"embeddable":true,"href":"https:\/\/mellacaseta.cat\/es\/wp-json\/wp\/v2\/comments?post=3348"}],"version-history":[{"count":2,"href":"https:\/\/mellacaseta.cat\/es\/wp-json\/wp\/v2\/posts\/3348\/revisions"}],"predecessor-version":[{"id":3350,"href":"https:\/\/mellacaseta.cat\/es\/wp-json\/wp\/v2\/posts\/3348\/revisions\/3350"}],"wp:featuredmedia":[{"embeddable":true,"href":"https:\/\/mellacaseta.cat\/es\/wp-json\/wp\/v2\/media\/3302"}],"wp:attachment":[{"href":"https:\/\/mellacaseta.cat\/es\/wp-json\/wp\/v2\/media?parent=3348"}],"wp:term":[{"taxonomy":"category","embeddable":true,"href":"https:\/\/mellacaseta.cat\/es\/wp-json\/wp\/v2\/categories?post=3348"},{"taxonomy":"post_tag","embeddable":true,"href":"https:\/\/mellacaseta.cat\/es\/wp-json\/wp\/v2\/tags?post=3348"}],"curies":[{"name":"wp","href":"https:\/\/api.w.org\/{rel}","templated":true}]}}